{"id":753,"date":"2023-09-01T15:57:33","date_gmt":"2023-09-01T18:57:33","guid":{"rendered":"https:\/\/www.ihr.tec.br\/?p=753"},"modified":"2023-09-14T11:28:04","modified_gmt":"2023-09-14T14:28:04","slug":"ihr-na-conferencia-anpei-2022","status":"publish","type":"post","link":"https:\/\/www.ihr.tec.br\/en\/ihr-na-conferencia-anpei-2022\/","title":{"rendered":"IHR na Confer\u00eancia ANPEI 2022"},"content":{"rendered":"<p>A Confer\u00eancia ANPEI \u00e9 considerada um dos mais conceituados eventos dedicados \u00e1 inova\u00e7\u00e3o no Brasil, com mais de 10 mil participantes a cada ano. E na edi\u00e7\u00e3o 2022, que teve o tema \u201cDesenvolvimento Sustent\u00e1vel Inovador: um c\u00edrculo virtuoso\u201d, o IHR esteve presente.<\/p>\n<p>F\u00e1bio Makita, diretor administrativo, foi speaker do encontro e falou sobre o modelo de Instituto de Ci\u00eancia e Tecnologia (ICT) privado e sua contribui\u00e7\u00e3o para a pesquisa e a inova\u00e7\u00e3o da ind\u00fastria de transporte.<\/p>\n<p>&nbsp;<\/p>\n<p>Fonte: Redes Sociais IHR<\/p>","protected":false},"excerpt":{"rendered":"<p>A Confer\u00eancia ANPEI \u00e9 considerada um dos mais conceituados eventos dedicados \u00e1 inova\u00e7\u00e3o no Brasil, com mais de 10 mil participantes a cada ano. E na edi\u00e7\u00e3o 2022, que teve o tema \u201cDesenvolvimento Sustent\u00e1vel Inovador: um c\u00edrculo virtuoso\u201d, o IHR esteve presente. F\u00e1bio Makita, diretor administrativo, foi speaker do encontro e falou sobre o modelo [&hellip;]<\/p>","protected":false},"author":3,"featured_media":812,"comment_status":"open","ping_status":"open","sticky":false,"template":"","format":"standard","meta":{"footnotes":""},"categories":[1],"tags":[],"class_list":["post-753","post","type-post","status-publish","format-standard","has-post-thumbnail","hentry","category-sem-categoria"],"acf":[],"yoast_head":"<!-- This site is optimized with the Yoast SEO plugin v20.7 - https:\/\/yoast.com\/wordpress\/plugins\/seo\/ -->\n<title>IHR na Confer\u00eancia ANPEI 2022 - IHR<\/title>\n<meta name=\"robots\" content=\"index, follow, max-snippet:-1, max-image-preview:large, max-video-preview:-1\" \/>\n<link rel=\"canonical\" href=\"https:\/\/www.ihr.tec.br\/en\/ihr-na-conferencia-anpei-2022\/\" \/>\n<meta property=\"og:locale\" content=\"en_US\" \/>\n<meta property=\"og:type\" content=\"article\" \/>\n<meta property=\"og:title\" content=\"IHR na Confer\u00eancia ANPEI 2022 - IHR\" \/>\n<meta property=\"og:description\" content=\"A Confer\u00eancia ANPEI \u00e9 considerada um dos mais conceituados eventos dedicados \u00e1 inova\u00e7\u00e3o no Brasil, com mais de 10 mil participantes a cada ano. E na edi\u00e7\u00e3o 2022, que teve o tema \u201cDesenvolvimento Sustent\u00e1vel Inovador: um c\u00edrculo virtuoso\u201d, o IHR esteve presente. F\u00e1bio Makita, diretor administrativo, foi speaker do encontro e falou sobre o modelo [&hellip;]\" \/>\n<meta property=\"og:url\" content=\"https:\/\/www.ihr.tec.br\/en\/ihr-na-conferencia-anpei-2022\/\" \/>\n<meta property=\"og:site_name\" content=\"IHR\" \/>\n<meta property=\"article:published_time\" content=\"2023-09-01T18:57:33+00:00\" \/>\n<meta property=\"article:modified_time\" content=\"2023-09-14T14:28:04+00:00\" \/>\n<meta property=\"og:image\" content=\"https:\/\/www.ihr.tec.br\/wp-content\/uploads\/2023\/09\/01_anpei_960x415px.png\" \/>\n\t<meta property=\"og:image:width\" content=\"960\" \/>\n\t<meta property=\"og:image:height\" content=\"415\" \/>\n\t<meta property=\"og:image:type\" content=\"image\/png\" \/>\n<meta name=\"author\" content=\"Fab\u00edola Bissani\" \/>\n<meta name=\"twitter:card\" content=\"summary_large_image\" \/>\n<meta name=\"twitter:label1\" content=\"Written by\" \/>\n\t<meta name=\"twitter:data1\" content=\"Fab\u00edola Bissani\" \/>\n\t<meta name=\"twitter:label2\" content=\"Est. reading time\" \/>\n\t<meta name=\"twitter:data2\" content=\"1 minute\" \/>\n<script type=\"application\/ld+json\" class=\"yoast-schema-graph\">{\"@context\":\"https:\/\/schema.org\",\"@graph\":[{\"@type\":\"WebPage\",\"@id\":\"https:\/\/www.ihr.tec.br\/ihr-na-conferencia-anpei-2022\/\",\"url\":\"https:\/\/www.ihr.tec.br\/ihr-na-conferencia-anpei-2022\/\",\"name\":\"IHR na Confer\u00eancia ANPEI 2022 - IHR\",\"isPartOf\":{\"@id\":\"https:\/\/www.ihr.tec.br\/#website\"},\"datePublished\":\"2023-09-01T18:57:33+00:00\",\"dateModified\":\"2023-09-14T14:28:04+00:00\",\"author\":{\"@id\":\"https:\/\/www.ihr.tec.br\/#\/schema\/person\/f66d1b187df5dce1e91cb4d6368b6062\"},\"breadcrumb\":{\"@id\":\"https:\/\/www.ihr.tec.br\/ihr-na-conferencia-anpei-2022\/#breadcrumb\"},\"inLanguage\":\"en-US\",\"potentialAction\":[{\"@type\":\"ReadAction\",\"target\":[\"https:\/\/www.ihr.tec.br\/ihr-na-conferencia-anpei-2022\/\"]}]},{\"@type\":\"BreadcrumbList\",\"@id\":\"https:\/\/www.ihr.tec.br\/ihr-na-conferencia-anpei-2022\/#breadcrumb\",\"itemListElement\":[{\"@type\":\"ListItem\",\"position\":1,\"name\":\"In\u00edcio\",\"item\":\"https:\/\/www.ihr.tec.br\/\"},{\"@type\":\"ListItem\",\"position\":2,\"name\":\"IHR na Confer\u00eancia ANPEI 2022\"}]},{\"@type\":\"WebSite\",\"@id\":\"https:\/\/www.ihr.tec.br\/#website\",\"url\":\"https:\/\/www.ihr.tec.br\/\",\"name\":\"IHR\",\"description\":\"\",\"potentialAction\":[{\"@type\":\"SearchAction\",\"target\":{\"@type\":\"EntryPoint\",\"urlTemplate\":\"https:\/\/www.ihr.tec.br\/?s={search_term_string}\"},\"query-input\":\"required name=search_term_string\"}],\"inLanguage\":\"en-US\"},{\"@type\":\"Person\",\"@id\":\"https:\/\/www.ihr.tec.br\/#\/schema\/person\/f66d1b187df5dce1e91cb4d6368b6062\",\"name\":\"Fab\u00edola Bissani\",\"image\":{\"@type\":\"ImageObject\",\"inLanguage\":\"en-US\",\"@id\":\"https:\/\/www.ihr.tec.br\/#\/schema\/person\/image\/\",\"url\":\"https:\/\/secure.gravatar.com\/avatar\/f6d46c388ca835dffc121812863d25e06762844aac706bf7e4b11148ca885d60?s=96&d=mm&r=g\",\"contentUrl\":\"https:\/\/secure.gravatar.com\/avatar\/f6d46c388ca835dffc121812863d25e06762844aac706bf7e4b11148ca885d60?s=96&d=mm&r=g\",\"caption\":\"Fab\u00edola Bissani\"},\"url\":\"https:\/\/www.ihr.tec.br\/en\/author\/fabiola\/\"}]}<\/script>\n<!-- \/ Yoast SEO plugin. -->","yoast_head_json":{"title":"IHR na Confer\u00eancia ANPEI 2022 - IHR","robots":{"index":"index","follow":"follow","max-snippet":"max-snippet:-1","max-image-preview":"max-image-preview:large","max-video-preview":"max-video-preview:-1"},"canonical":"https:\/\/www.ihr.tec.br\/en\/ihr-na-conferencia-anpei-2022\/","og_locale":"en_US","og_type":"article","og_title":"IHR na Confer\u00eancia ANPEI 2022 - IHR","og_description":"A Confer\u00eancia ANPEI \u00e9 considerada um dos mais conceituados eventos dedicados \u00e1 inova\u00e7\u00e3o no Brasil, com mais de 10 mil participantes a cada ano. E na edi\u00e7\u00e3o 2022, que teve o tema \u201cDesenvolvimento Sustent\u00e1vel Inovador: um c\u00edrculo virtuoso\u201d, o IHR esteve presente. F\u00e1bio Makita, diretor administrativo, foi speaker do encontro e falou sobre o modelo [&hellip;]","og_url":"https:\/\/www.ihr.tec.br\/en\/ihr-na-conferencia-anpei-2022\/","og_site_name":"IHR","article_published_time":"2023-09-01T18:57:33+00:00","article_modified_time":"2023-09-14T14:28:04+00:00","og_image":[{"width":960,"height":415,"url":"https:\/\/www.ihr.tec.br\/wp-content\/uploads\/2023\/09\/01_anpei_960x415px.png","type":"image\/png"}],"author":"Fab\u00edola Bissani","twitter_card":"summary_large_image","twitter_misc":{"Written by":"Fab\u00edola Bissani","Est. reading time":"1 minute"},"schema":{"@context":"https:\/\/schema.org","@graph":[{"@type":"WebPage","@id":"https:\/\/www.ihr.tec.br\/ihr-na-conferencia-anpei-2022\/","url":"https:\/\/www.ihr.tec.br\/ihr-na-conferencia-anpei-2022\/","name":"IHR na Confer\u00eancia ANPEI 2022 - IHR","isPartOf":{"@id":"https:\/\/www.ihr.tec.br\/#website"},"datePublished":"2023-09-01T18:57:33+00:00","dateModified":"2023-09-14T14:28:04+00:00","author":{"@id":"https:\/\/www.ihr.tec.br\/#\/schema\/person\/f66d1b187df5dce1e91cb4d6368b6062"},"breadcrumb":{"@id":"https:\/\/www.ihr.tec.br\/ihr-na-conferencia-anpei-2022\/#breadcrumb"},"inLanguage":"en-US","potentialAction":[{"@type":"ReadAction","target":["https:\/\/www.ihr.tec.br\/ihr-na-conferencia-anpei-2022\/"]}]},{"@type":"BreadcrumbList","@id":"https:\/\/www.ihr.tec.br\/ihr-na-conferencia-anpei-2022\/#breadcrumb","itemListElement":[{"@type":"ListItem","position":1,"name":"In\u00edcio","item":"https:\/\/www.ihr.tec.br\/"},{"@type":"ListItem","position":2,"name":"IHR na Confer\u00eancia ANPEI 2022"}]},{"@type":"WebSite","@id":"https:\/\/www.ihr.tec.br\/#website","url":"https:\/\/www.ihr.tec.br\/","name":"IHR","description":"","potentialAction":[{"@type":"SearchAction","target":{"@type":"EntryPoint","urlTemplate":"https:\/\/www.ihr.tec.br\/?s={search_term_string}"},"query-input":"required name=search_term_string"}],"inLanguage":"en-US"},{"@type":"Person","@id":"https:\/\/www.ihr.tec.br\/#\/schema\/person\/f66d1b187df5dce1e91cb4d6368b6062","name":"Fab\u00edola Bissani","image":{"@type":"ImageObject","inLanguage":"en-US","@id":"https:\/\/www.ihr.tec.br\/#\/schema\/person\/image\/","url":"https:\/\/secure.gravatar.com\/avatar\/f6d46c388ca835dffc121812863d25e06762844aac706bf7e4b11148ca885d60?s=96&d=mm&r=g","contentUrl":"https:\/\/secure.gravatar.com\/avatar\/f6d46c388ca835dffc121812863d25e06762844aac706bf7e4b11148ca885d60?s=96&d=mm&r=g","caption":"Fab\u00edola Bissani"},"url":"https:\/\/www.ihr.tec.br\/en\/author\/fabiola\/"}]}},"_links":{"self":[{"href":"https:\/\/www.ihr.tec.br\/en\/wp-json\/wp\/v2\/posts\/753","targetHints":{"allow":["GET"]}}],"collection":[{"href":"https:\/\/www.ihr.tec.br\/en\/wp-json\/wp\/v2\/posts"}],"about":[{"href":"https:\/\/www.ihr.tec.br\/en\/wp-json\/wp\/v2\/types\/post"}],"author":[{"embeddable":true,"href":"https:\/\/www.ihr.tec.br\/en\/wp-json\/wp\/v2\/users\/3"}],"replies":[{"embeddable":true,"href":"https:\/\/www.ihr.tec.br\/en\/wp-json\/wp\/v2\/comments?post=753"}],"version-history":[{"count":1,"href":"https:\/\/www.ihr.tec.br\/en\/wp-json\/wp\/v2\/posts\/753\/revisions"}],"predecessor-version":[{"id":754,"href":"https:\/\/www.ihr.tec.br\/en\/wp-json\/wp\/v2\/posts\/753\/revisions\/754"}],"wp:featuredmedia":[{"embeddable":true,"href":"https:\/\/www.ihr.tec.br\/en\/wp-json\/wp\/v2\/media\/812"}],"wp:attachment":[{"href":"https:\/\/www.ihr.tec.br\/en\/wp-json\/wp\/v2\/media?parent=753"}],"wp:term":[{"taxonomy":"category","embeddable":true,"href":"https:\/\/www.ihr.tec.br\/en\/wp-json\/wp\/v2\/categories?post=753"},{"taxonomy":"post_tag","embeddable":true,"href":"https:\/\/www.ihr.tec.br\/en\/wp-json\/wp\/v2\/tags?post=753"}],"curies":[{"name":"wp","href":"https:\/\/api.w.org\/{rel}","templated":true}]}}