{"id":882,"date":"2023-12-20T15:13:33","date_gmt":"2023-12-20T18:13:33","guid":{"rendered":"https:\/\/www.ihr.tec.br\/?p=882"},"modified":"2023-12-20T15:13:37","modified_gmt":"2023-12-20T18:13:37","slug":"instituto-hercilio-randon-destaca-pesquisa-e-inovacao-no-co4u-2023","status":"publish","type":"post","link":"https:\/\/www.ihr.tec.br\/es\/instituto-hercilio-randon-destaca-pesquisa-e-inovacao-no-co4u-2023\/","title":{"rendered":"Instituto Herc\u00edlio Randon destaca pesquisa e inova\u00e7\u00e3o no CO4U 2023"},"content":{"rendered":"<p><em>IHR \u00e9 um dos apoiadores do evento que impulsiona o desenvolvimento de lideran\u00e7a e talentos, letramento digital, tend\u00eancias e o ecossistema de inova\u00e7\u00e3o<\/em><\/p>\n<p>&nbsp;<\/p>\n<p>O IHR- Instituto Herc\u00edlio Randon, institui\u00e7\u00e3o privada de pesquisa, apoiada pela Randoncorp, focada na inova\u00e7\u00e3o e no desenvolvimento de tecnologias disruptivas em produto, participa da terceira edi\u00e7\u00e3o do CO4U (l\u00ea-se \u201cCo for you\u201d), que ser\u00e1 realizado no pr\u00f3ximo dia 10 de novembro, na sede da Conexo em Caxias do Sul, entre 8h e 18h30min. Fabio Makita, diretor administrativo do IHR ser\u00e1 um dos integrantes do painel Da Pesquisa ao Mercado, e abordar\u00e1 como a pesquisa est\u00e1 impulsionando a inova\u00e7\u00e3o disruptiva na ind\u00fastria de transporte.<\/p>\n<p>Por meio de parceiras com importantes entidades, as pesquisas desenvolvidas pelo IHR nos \u00faltimos anos t\u00eam proporcionado ganhos significativos no desenvolvimento de solu\u00e7\u00f5es tecnol\u00f3gicas em \u00e1reas como a eletr\u00f4nica embarcada, mobilidade e materiais inteligentes. \u201cJ\u00e1 superamos a marca de 60 patentes depositadas e colaboramos para o desenvolvimento de produtos inovadores como o e-Sys, sistema de tra\u00e7\u00e3o auxiliar el\u00e9trico da Suspensys, a aplica\u00e7\u00e3o de um novo m\u00e9todo para obten\u00e7\u00e3o de nanopart\u00edculas de ni\u00f3bio em larga escala, dispon\u00edvel no mercado atrav\u00e9s da NIONE \u2013 unidade da Randoncorp e Frasle Mobility, al\u00e9m do Randon Solar, tecnologia patenteada de controle e gerenciamento de energia, e do Randon Smart, servi\u00e7o de intelig\u00eancia embarcada que aumenta o controle de frota e possibilita o monitoramento e potencializa a gest\u00e3o de semirreboques\u201d, destaca F\u00e1bio Makita.<\/p>\n<p>O CO4U ter\u00e1 como temas a Intelig\u00eancia artificial, tecnologias emergentes, futuros tecnol\u00f3gicos e os desafios humanos, associados com letramento e inclus\u00e3o digital, e busca aproximar profissionais do ecossistema de inova\u00e7\u00e3o e tamb\u00e9m aqueles interessados por esse universo para troca de experi\u00eancias, desenvolvimento profissional e networking. Entre os nomes confirmados, algumas lideran\u00e7as do cen\u00e1rio nacional e regional como Andrea Cerqueira, vice-presidente de Vendas da Microsoft; Dimas Douglas Tomelin, vice-presidente da Embraer; Lisiane Lemos, secret\u00e1ria Extraordin\u00e1ria de Inclus\u00e3o Digital e Apoio \u00e0s Pol\u00edticas de Equidade do Rio Grande do Sul; Leandro Corso, professor e pesquisador da Universidade de Caxias do Sul (UCS); e Rodolfo Bonif\u00e1cio, Especialista em Design de Experi\u00eancia e Impacto Social.<\/p>\n<p>&nbsp;<\/p>\n<p><u>Servi\u00e7o &#8211; CO4U 2023<\/u><\/p>\n<p>Data: 10 de novembro, sexta-feira<\/p>\n<p>Hor\u00e1rio: 8h \u00e0s 18h30min<\/p>\n<p>Local: Sede da Conexo (rua At\u00edlio Andreazza, bairro Interlagos)<\/p>\n<p>Ingressos: pela plataforma Sympla, pelo link <a href=\"https:\/\/bit.ly\/co4u2023\">https:\/\/bit.ly\/co4u2023<\/a><\/p>\n<p>&nbsp;<\/p>\n<p><strong>Sobre o IHR- Instituto Herc\u00edlio Randon<\/strong><\/p>\n<p>O IHR &#8211; Instituto Herc\u00edlio Randon \u00e9 uma institui\u00e7\u00e3o privada de pesquisa, apoiada pela Randoncorp, focada na inova\u00e7\u00e3o e no desenvolvimento de tecnologias disruptivas em produto, alinhadas com as megatend\u00eancias da ind\u00fastria automotiva. O instituto nasceu com o objetivo de transformar o conhecimento em aplica\u00e7\u00f5es pr\u00e1ticas, contribuindo para o avan\u00e7o da inova\u00e7\u00e3o em tr\u00eas verticais do conhecimento: Mobilidade, Eletr\u00f4nica Embarcada e Materiais Inteligentes.<\/p>\n<p>&nbsp;<\/p>\n<p><strong>Sobre a Conexo<\/strong><\/p>\n<p>A Conexo \u00e9 uma plataforma de inova\u00e7\u00e3o, que gera conex\u00f5es e aproxima as empresas parceiras de empreendedores, startups, universidades, comunidade e todo o ecossistema de inova\u00e7\u00e3o. Atua do diagn\u00f3stico ao desenvolvimento da cultura de inova\u00e7\u00e3o para entrega de resultados reais, e atende desde ind\u00fastrias metalmec\u00e2nica e moveleira, al\u00e9m do agroneg\u00f3cio, sa\u00fade e bem-estar e servi\u00e7os financeiros.<\/p>\n<p>Por meio de programas de desenvolvimento, desafios e mentorias, a empresa estimula a produ\u00e7\u00e3o de conhecimento e de solu\u00e7\u00f5es \u00e1geis, resolvendo problemas reais, valorizando ideias e gerando novas oportunidades de neg\u00f3cios. Tem sede f\u00edsica em Caxias do Sul (RS) e ambiente que gera intera\u00e7\u00e3o e compartilhamento de experi\u00eancias.<\/p>\n<p>&nbsp;<\/p>\n<p>Fonte: IHR<\/p>","protected":false},"excerpt":{"rendered":"<p>IHR \u00e9 um dos apoiadores do evento que impulsiona o desenvolvimento de lideran\u00e7a e talentos, letramento digital, tend\u00eancias e o ecossistema de inova\u00e7\u00e3o &nbsp; O IHR- Instituto Herc\u00edlio Randon, institui\u00e7\u00e3o privada de pesquisa, apoiada pela Randoncorp, focada na inova\u00e7\u00e3o e no desenvolvimento de tecnologias disruptivas em produto, participa da terceira edi\u00e7\u00e3o do CO4U (l\u00ea-se \u201cCo [&hellip;]<\/p>","protected":false},"author":3,"featured_media":883,"comment_status":"open","ping_status":"open","sticky":true,"template":"","format":"standard","meta":{"footnotes":""},"categories":[1],"tags":[],"class_list":["post-882","post","type-post","status-publish","format-standard","has-post-thumbnail","hentry","category-sem-categoria"],"acf":[],"yoast_head":"<!-- This site is optimized with the Yoast SEO plugin v20.7 - https:\/\/yoast.com\/wordpress\/plugins\/seo\/ -->\n<title>Instituto Herc\u00edlio Randon destaca pesquisa e inova\u00e7\u00e3o no CO4U 2023 - IHR<\/title>\n<meta name=\"robots\" content=\"index, follow, max-snippet:-1, max-image-preview:large, max-video-preview:-1\" \/>\n<link rel=\"canonical\" href=\"https:\/\/www.ihr.tec.br\/es\/instituto-hercilio-randon-destaca-pesquisa-e-inovacao-no-co4u-2023\/\" \/>\n<meta property=\"og:locale\" content=\"es_ES\" \/>\n<meta property=\"og:type\" content=\"article\" \/>\n<meta property=\"og:title\" content=\"Instituto Herc\u00edlio Randon destaca pesquisa e inova\u00e7\u00e3o no CO4U 2023 - IHR\" \/>\n<meta property=\"og:description\" content=\"IHR \u00e9 um dos apoiadores do evento que impulsiona o desenvolvimento de lideran\u00e7a e talentos, letramento digital, tend\u00eancias e o ecossistema de inova\u00e7\u00e3o &nbsp; O IHR- Instituto Herc\u00edlio Randon, institui\u00e7\u00e3o privada de pesquisa, apoiada pela Randoncorp, focada na inova\u00e7\u00e3o e no desenvolvimento de tecnologias disruptivas em produto, participa da terceira edi\u00e7\u00e3o do CO4U (l\u00ea-se \u201cCo [&hellip;]\" \/>\n<meta property=\"og:url\" content=\"https:\/\/www.ihr.tec.br\/es\/instituto-hercilio-randon-destaca-pesquisa-e-inovacao-no-co4u-2023\/\" \/>\n<meta property=\"og:site_name\" content=\"IHR\" \/>\n<meta property=\"article:published_time\" content=\"2023-12-20T18:13:33+00:00\" \/>\n<meta property=\"article:modified_time\" content=\"2023-12-20T18:13:37+00:00\" \/>\n<meta property=\"og:image\" content=\"https:\/\/www.ihr.tec.br\/wp-content\/uploads\/2023\/12\/Conexo_960x415px.png\" \/>\n\t<meta property=\"og:image:width\" content=\"960\" \/>\n\t<meta property=\"og:image:height\" content=\"415\" \/>\n\t<meta property=\"og:image:type\" content=\"image\/png\" \/>\n<meta name=\"author\" content=\"Fab\u00edola Bissani\" \/>\n<meta name=\"twitter:card\" content=\"summary_large_image\" \/>\n<meta name=\"twitter:label1\" content=\"Escrito por\" \/>\n\t<meta name=\"twitter:data1\" content=\"Fab\u00edola Bissani\" \/>\n\t<meta name=\"twitter:label2\" content=\"Tiempo de lectura\" \/>\n\t<meta name=\"twitter:data2\" content=\"4 minutos\" \/>\n<script type=\"application\/ld+json\" class=\"yoast-schema-graph\">{\"@context\":\"https:\/\/schema.org\",\"@graph\":[{\"@type\":\"WebPage\",\"@id\":\"https:\/\/www.ihr.tec.br\/instituto-hercilio-randon-destaca-pesquisa-e-inovacao-no-co4u-2023\/\",\"url\":\"https:\/\/www.ihr.tec.br\/instituto-hercilio-randon-destaca-pesquisa-e-inovacao-no-co4u-2023\/\",\"name\":\"Instituto Herc\u00edlio Randon destaca pesquisa e inova\u00e7\u00e3o no CO4U 2023 - IHR\",\"isPartOf\":{\"@id\":\"https:\/\/www.ihr.tec.br\/#website\"},\"datePublished\":\"2023-12-20T18:13:33+00:00\",\"dateModified\":\"2023-12-20T18:13:37+00:00\",\"author\":{\"@id\":\"https:\/\/www.ihr.tec.br\/#\/schema\/person\/f66d1b187df5dce1e91cb4d6368b6062\"},\"breadcrumb\":{\"@id\":\"https:\/\/www.ihr.tec.br\/instituto-hercilio-randon-destaca-pesquisa-e-inovacao-no-co4u-2023\/#breadcrumb\"},\"inLanguage\":\"es\",\"potentialAction\":[{\"@type\":\"ReadAction\",\"target\":[\"https:\/\/www.ihr.tec.br\/instituto-hercilio-randon-destaca-pesquisa-e-inovacao-no-co4u-2023\/\"]}]},{\"@type\":\"BreadcrumbList\",\"@id\":\"https:\/\/www.ihr.tec.br\/instituto-hercilio-randon-destaca-pesquisa-e-inovacao-no-co4u-2023\/#breadcrumb\",\"itemListElement\":[{\"@type\":\"ListItem\",\"position\":1,\"name\":\"In\u00edcio\",\"item\":\"https:\/\/www.ihr.tec.br\/\"},{\"@type\":\"ListItem\",\"position\":2,\"name\":\"Instituto Herc\u00edlio Randon destaca pesquisa e inova\u00e7\u00e3o no CO4U 2023\"}]},{\"@type\":\"WebSite\",\"@id\":\"https:\/\/www.ihr.tec.br\/#website\",\"url\":\"https:\/\/www.ihr.tec.br\/\",\"name\":\"IHR\",\"description\":\"\",\"potentialAction\":[{\"@type\":\"SearchAction\",\"target\":{\"@type\":\"EntryPoint\",\"urlTemplate\":\"https:\/\/www.ihr.tec.br\/?s={search_term_string}\"},\"query-input\":\"required name=search_term_string\"}],\"inLanguage\":\"es\"},{\"@type\":\"Person\",\"@id\":\"https:\/\/www.ihr.tec.br\/#\/schema\/person\/f66d1b187df5dce1e91cb4d6368b6062\",\"name\":\"Fab\u00edola Bissani\",\"image\":{\"@type\":\"ImageObject\",\"inLanguage\":\"es\",\"@id\":\"https:\/\/www.ihr.tec.br\/#\/schema\/person\/image\/\",\"url\":\"https:\/\/secure.gravatar.com\/avatar\/f6d46c388ca835dffc121812863d25e06762844aac706bf7e4b11148ca885d60?s=96&d=mm&r=g\",\"contentUrl\":\"https:\/\/secure.gravatar.com\/avatar\/f6d46c388ca835dffc121812863d25e06762844aac706bf7e4b11148ca885d60?s=96&d=mm&r=g\",\"caption\":\"Fab\u00edola Bissani\"},\"url\":\"https:\/\/www.ihr.tec.br\/es\/author\/fabiola\/\"}]}<\/script>\n<!-- \/ Yoast SEO plugin. -->","yoast_head_json":{"title":"Instituto Herc\u00edlio Randon destaca pesquisa e inova\u00e7\u00e3o no CO4U 2023 - IHR","robots":{"index":"index","follow":"follow","max-snippet":"max-snippet:-1","max-image-preview":"max-image-preview:large","max-video-preview":"max-video-preview:-1"},"canonical":"https:\/\/www.ihr.tec.br\/es\/instituto-hercilio-randon-destaca-pesquisa-e-inovacao-no-co4u-2023\/","og_locale":"es_ES","og_type":"article","og_title":"Instituto Herc\u00edlio Randon destaca pesquisa e inova\u00e7\u00e3o no CO4U 2023 - IHR","og_description":"IHR \u00e9 um dos apoiadores do evento que impulsiona o desenvolvimento de lideran\u00e7a e talentos, letramento digital, tend\u00eancias e o ecossistema de inova\u00e7\u00e3o &nbsp; O IHR- Instituto Herc\u00edlio Randon, institui\u00e7\u00e3o privada de pesquisa, apoiada pela Randoncorp, focada na inova\u00e7\u00e3o e no desenvolvimento de tecnologias disruptivas em produto, participa da terceira edi\u00e7\u00e3o do CO4U (l\u00ea-se \u201cCo [&hellip;]","og_url":"https:\/\/www.ihr.tec.br\/es\/instituto-hercilio-randon-destaca-pesquisa-e-inovacao-no-co4u-2023\/","og_site_name":"IHR","article_published_time":"2023-12-20T18:13:33+00:00","article_modified_time":"2023-12-20T18:13:37+00:00","og_image":[{"width":960,"height":415,"url":"https:\/\/www.ihr.tec.br\/wp-content\/uploads\/2023\/12\/Conexo_960x415px.png","type":"image\/png"}],"author":"Fab\u00edola Bissani","twitter_card":"summary_large_image","twitter_misc":{"Escrito por":"Fab\u00edola Bissani","Tiempo de lectura":"4 minutos"},"schema":{"@context":"https:\/\/schema.org","@graph":[{"@type":"WebPage","@id":"https:\/\/www.ihr.tec.br\/instituto-hercilio-randon-destaca-pesquisa-e-inovacao-no-co4u-2023\/","url":"https:\/\/www.ihr.tec.br\/instituto-hercilio-randon-destaca-pesquisa-e-inovacao-no-co4u-2023\/","name":"Instituto Herc\u00edlio Randon destaca pesquisa e inova\u00e7\u00e3o no CO4U 2023 - IHR","isPartOf":{"@id":"https:\/\/www.ihr.tec.br\/#website"},"datePublished":"2023-12-20T18:13:33+00:00","dateModified":"2023-12-20T18:13:37+00:00","author":{"@id":"https:\/\/www.ihr.tec.br\/#\/schema\/person\/f66d1b187df5dce1e91cb4d6368b6062"},"breadcrumb":{"@id":"https:\/\/www.ihr.tec.br\/instituto-hercilio-randon-destaca-pesquisa-e-inovacao-no-co4u-2023\/#breadcrumb"},"inLanguage":"es","potentialAction":[{"@type":"ReadAction","target":["https:\/\/www.ihr.tec.br\/instituto-hercilio-randon-destaca-pesquisa-e-inovacao-no-co4u-2023\/"]}]},{"@type":"BreadcrumbList","@id":"https:\/\/www.ihr.tec.br\/instituto-hercilio-randon-destaca-pesquisa-e-inovacao-no-co4u-2023\/#breadcrumb","itemListElement":[{"@type":"ListItem","position":1,"name":"In\u00edcio","item":"https:\/\/www.ihr.tec.br\/"},{"@type":"ListItem","position":2,"name":"Instituto Herc\u00edlio Randon destaca pesquisa e inova\u00e7\u00e3o no CO4U 2023"}]},{"@type":"WebSite","@id":"https:\/\/www.ihr.tec.br\/#website","url":"https:\/\/www.ihr.tec.br\/","name":"IHR","description":"","potentialAction":[{"@type":"SearchAction","target":{"@type":"EntryPoint","urlTemplate":"https:\/\/www.ihr.tec.br\/?s={search_term_string}"},"query-input":"required name=search_term_string"}],"inLanguage":"es"},{"@type":"Person","@id":"https:\/\/www.ihr.tec.br\/#\/schema\/person\/f66d1b187df5dce1e91cb4d6368b6062","name":"Fab\u00edola Bissani","image":{"@type":"ImageObject","inLanguage":"es","@id":"https:\/\/www.ihr.tec.br\/#\/schema\/person\/image\/","url":"https:\/\/secure.gravatar.com\/avatar\/f6d46c388ca835dffc121812863d25e06762844aac706bf7e4b11148ca885d60?s=96&d=mm&r=g","contentUrl":"https:\/\/secure.gravatar.com\/avatar\/f6d46c388ca835dffc121812863d25e06762844aac706bf7e4b11148ca885d60?s=96&d=mm&r=g","caption":"Fab\u00edola Bissani"},"url":"https:\/\/www.ihr.tec.br\/es\/author\/fabiola\/"}]}},"_links":{"self":[{"href":"https:\/\/www.ihr.tec.br\/es\/wp-json\/wp\/v2\/posts\/882","targetHints":{"allow":["GET"]}}],"collection":[{"href":"https:\/\/www.ihr.tec.br\/es\/wp-json\/wp\/v2\/posts"}],"about":[{"href":"https:\/\/www.ihr.tec.br\/es\/wp-json\/wp\/v2\/types\/post"}],"author":[{"embeddable":true,"href":"https:\/\/www.ihr.tec.br\/es\/wp-json\/wp\/v2\/users\/3"}],"replies":[{"embeddable":true,"href":"https:\/\/www.ihr.tec.br\/es\/wp-json\/wp\/v2\/comments?post=882"}],"version-history":[{"count":1,"href":"https:\/\/www.ihr.tec.br\/es\/wp-json\/wp\/v2\/posts\/882\/revisions"}],"predecessor-version":[{"id":884,"href":"https:\/\/www.ihr.tec.br\/es\/wp-json\/wp\/v2\/posts\/882\/revisions\/884"}],"wp:featuredmedia":[{"embeddable":true,"href":"https:\/\/www.ihr.tec.br\/es\/wp-json\/wp\/v2\/media\/883"}],"wp:attachment":[{"href":"https:\/\/www.ihr.tec.br\/es\/wp-json\/wp\/v2\/media?parent=882"}],"wp:term":[{"taxonomy":"category","embeddable":true,"href":"https:\/\/www.ihr.tec.br\/es\/wp-json\/wp\/v2\/categories?post=882"},{"taxonomy":"post_tag","embeddable":true,"href":"https:\/\/www.ihr.tec.br\/es\/wp-json\/wp\/v2\/tags?post=882"}],"curies":[{"name":"wp","href":"https:\/\/api.w.org\/{rel}","templated":true}]}}